{"id":12672,"date":"2017-07-26T15:30:11","date_gmt":"2017-07-26T13:30:11","guid":{"rendered":"https:\/\/www.untourdumonde.ch\/?p=12672"},"modified":"2017-07-26T08:15:29","modified_gmt":"2017-07-26T06:15:29","slug":"la-casa-omar-y-gladys-a-vinales","status":"publish","type":"post","link":"https:\/\/www.untourdumonde.ch\/index.php\/2017\/07\/26\/la-casa-omar-y-gladys-a-vinales\/","title":{"rendered":"La casa \u00ab\u00a0Omar y Gladys\u00a0\u00bb \u00e0 Vinales"},"content":{"rendered":"<p>Deuxi\u00e8me \u00e9tape apr\u00e8s La Havane, Vinales, \u00e0 l\u2019ouest de l\u2019\u00eele de Cuba o\u00f9 nous allons d\u00e9couvrir, entre autres choses, la casa de Omar et Gladys (Villa Los Pino) qu\u2019on nous avait chaleureusement conseill\u00e9e.<a href=\"https:\/\/www.untourdumonde.ch\/wp-content\/uploads\/2017\/07\/Cuba-250-Large.jpg\"><img decoding=\"async\" class=\"aligncenter wp-image-12693 size-medium\" src=\"https:\/\/www.untourdumonde.ch\/wp-content\/uploads\/2017\/07\/Cuba-250-Large-500x281.jpg\" alt=\"\" width=\"500\" height=\"281\" srcset=\"https:\/\/www.untourdumonde.ch\/wp-content\/uploads\/2017\/07\/Cuba-250-Large-500x281.jpg 500w, https:\/\/www.untourdumonde.ch\/wp-content\/uploads\/2017\/07\/Cuba-250-Large-768x432.jpg 768w, https:\/\/www.untourdumonde.ch\/wp-content\/uploads\/2017\/07\/Cuba-250-Large-1800x1013.jpg 1800w, https:\/\/www.untourdumonde.ch\/wp-content\/uploads\/2017\/07\/Cuba-250-Large.jpg 1920w\" sizes=\"(max-width: 500px) 100vw, 500px\" \/><\/a><\/p>\n<p>En effet, nous avons \u00e9t\u00e9 accueillis par un couple charmant qui mettait trois chambres en location dans leur maison, non loin de la rue principale de Vinales. Omar, un petit gars sympa et rigolard, nous a aid\u00e9s pour tout ce dont nous avions besoin (activit\u00e9s, taxi, etc.), et Gladys, une gentille dame tr\u00e8s attentive a pris bien soin de nous durant notre s\u00e9jour. Ici, comme \u00e0 la Havane, cela coule de source que nous sommes bilingues et tout le monde nous cause en espagnol hyper rapidement.<\/p>\n<p>Nous avons pris dans cette casa une chambre avec deux grands lits et nous avons utilis\u00e9 un cinqui\u00e8me matelas simple (gonflable, qu\u2019on avait achet\u00e9 en pr\u00e9vision au Mexique) pour que tout le monde soit bien \u00e0 l\u2019aise.<a href=\"https:\/\/www.untourdumonde.ch\/wp-content\/uploads\/2017\/07\/Cuba-252-Large.jpg\"><img decoding=\"async\" class=\"aligncenter wp-image-12695 size-medium\" src=\"https:\/\/www.untourdumonde.ch\/wp-content\/uploads\/2017\/07\/Cuba-252-Large-500x281.jpg\" alt=\"\" width=\"500\" height=\"281\" srcset=\"https:\/\/www.untourdumonde.ch\/wp-content\/uploads\/2017\/07\/Cuba-252-Large-500x281.jpg 500w, https:\/\/www.untourdumonde.ch\/wp-content\/uploads\/2017\/07\/Cuba-252-Large-768x432.jpg 768w, https:\/\/www.untourdumonde.ch\/wp-content\/uploads\/2017\/07\/Cuba-252-Large-1800x1013.jpg 1800w, https:\/\/www.untourdumonde.ch\/wp-content\/uploads\/2017\/07\/Cuba-252-Large.jpg 1920w\" sizes=\"(max-width: 500px) 100vw, 500px\" \/><\/a><\/p>\n<p><a href=\"https:\/\/www.untourdumonde.ch\/wp-content\/uploads\/2017\/07\/Cuba-251-Large.jpg\"><img decoding=\"async\" class=\"aligncenter wp-image-12694 size-medium\" src=\"https:\/\/www.untourdumonde.ch\/wp-content\/uploads\/2017\/07\/Cuba-251-Large-281x500.jpg\" alt=\"\" width=\"281\" height=\"500\" srcset=\"https:\/\/www.untourdumonde.ch\/wp-content\/uploads\/2017\/07\/Cuba-251-Large-281x500.jpg 281w, https:\/\/www.untourdumonde.ch\/wp-content\/uploads\/2017\/07\/Cuba-251-Large-768x1365.jpg 768w, https:\/\/www.untourdumonde.ch\/wp-content\/uploads\/2017\/07\/Cuba-251-Large-1013x1800.jpg 1013w, https:\/\/www.untourdumonde.ch\/wp-content\/uploads\/2017\/07\/Cuba-251-Large.jpg 1080w\" sizes=\"(max-width: 281px) 100vw, 281px\" \/><\/a><\/p>\n<p>La chambre avait d\u2019apr\u00e8s Mathilde la plus belle des salles de bains de tout notre voyage, rose, propre, grande, avec de la pression et de l\u2019eau chaude\u2026 Le paradis!<a href=\"https:\/\/www.untourdumonde.ch\/wp-content\/uploads\/2017\/07\/Cuba-559-Large.jpg\"><img decoding=\"async\" class=\"aligncenter wp-image-12692 size-medium\" src=\"https:\/\/www.untourdumonde.ch\/wp-content\/uploads\/2017\/07\/Cuba-559-Large-500x281.jpg\" alt=\"\" width=\"500\" height=\"281\" srcset=\"https:\/\/www.untourdumonde.ch\/wp-content\/uploads\/2017\/07\/Cuba-559-Large-500x281.jpg 500w, https:\/\/www.untourdumonde.ch\/wp-content\/uploads\/2017\/07\/Cuba-559-Large-768x432.jpg 768w, https:\/\/www.untourdumonde.ch\/wp-content\/uploads\/2017\/07\/Cuba-559-Large-1800x1013.jpg 1800w, https:\/\/www.untourdumonde.ch\/wp-content\/uploads\/2017\/07\/Cuba-559-Large.jpg 1920w\" sizes=\"(max-width: 500px) 100vw, 500px\" \/><\/a><\/p>\n<p>Les repas pr\u00e9par\u00e9s par Gladys \u00e9taient tout simplement merveilleux, avec des plats qui rayonnaient. Nous avons pu profiter durant trois jours de magnifiques petits-d\u00e9jeuners, puis soit le d\u00eener soit le souper, mais \u00e0 chaque fois nous avons ador\u00e9\u00a0! Bravo Gladys\u00a0!<a href=\"https:\/\/www.untourdumonde.ch\/wp-content\/uploads\/2017\/07\/Cuba-308-Large.jpg\"><img decoding=\"async\" class=\"aligncenter wp-image-12696 size-medium\" src=\"https:\/\/www.untourdumonde.ch\/wp-content\/uploads\/2017\/07\/Cuba-308-Large-500x281.jpg\" alt=\"\" width=\"500\" height=\"281\" srcset=\"https:\/\/www.untourdumonde.ch\/wp-content\/uploads\/2017\/07\/Cuba-308-Large-500x281.jpg 500w, https:\/\/www.untourdumonde.ch\/wp-content\/uploads\/2017\/07\/Cuba-308-Large-768x432.jpg 768w, https:\/\/www.untourdumonde.ch\/wp-content\/uploads\/2017\/07\/Cuba-308-Large-1800x1013.jpg 1800w, https:\/\/www.untourdumonde.ch\/wp-content\/uploads\/2017\/07\/Cuba-308-Large.jpg 1920w\" sizes=\"(max-width: 500px) 100vw, 500px\" \/><\/a><\/p>\n<p><a href=\"https:\/\/www.untourdumonde.ch\/wp-content\/uploads\/2017\/07\/Cuba-310-Large.jpg\"><img decoding=\"async\" class=\"aligncenter wp-image-12697 size-medium\" src=\"https:\/\/www.untourdumonde.ch\/wp-content\/uploads\/2017\/07\/Cuba-310-Large-500x281.jpg\" alt=\"\" width=\"500\" height=\"281\" srcset=\"https:\/\/www.untourdumonde.ch\/wp-content\/uploads\/2017\/07\/Cuba-310-Large-500x281.jpg 500w, https:\/\/www.untourdumonde.ch\/wp-content\/uploads\/2017\/07\/Cuba-310-Large-768x432.jpg 768w, https:\/\/www.untourdumonde.ch\/wp-content\/uploads\/2017\/07\/Cuba-310-Large-1800x1013.jpg 1800w, https:\/\/www.untourdumonde.ch\/wp-content\/uploads\/2017\/07\/Cuba-310-Large.jpg 1920w\" sizes=\"(max-width: 500px) 100vw, 500px\" \/><\/a><\/p>\n<p>En partant de cette casa, nous avons oubli\u00e9 notre sac d\u2019appareil photo sous un lit. Il a suffi de quelques coups de fils pour que le sac et tout ce qui \u00e9tait dedans se retrouve \u00e0 La Havane, dans la casa de Odalys, \u00e0 attendre tranquillement notre retour. Que d\u2019heures de taxi et de tracas \u00e9vit\u00e9s gr\u00e2ce \u00e0 la bonne volont\u00e9 et \u00e0 l&rsquo;honn\u00eatet\u00e9, des Cubains qui nous ont aid\u00e9s! Un tout grand merci\u00a0!!<\/p>\n<p>Coordonn\u00e9es\u00a0: Villa<span class=\"_5yl5\">\u00a0los Pino, chez \u00ab\u00a0Omar y Gladys\u00a0\u00bb. Calle del Polyclinico. +53 54 05 55 69.<\/span><\/p>\n","protected":false},"excerpt":{"rendered":"<p>Deuxi\u00e8me \u00e9tape apr\u00e8s La Havane, Vinales, \u00e0 l\u2019ouest de l\u2019\u00eele de Cuba o\u00f9 nous allons d\u00e9couvrir, entre autres choses, la casa de Omar et Gladys [&#8230;]<\/p>\n","protected":false},"author":1,"featured_media":12697,"comment_status":"open","ping_status":"open","sticky":false,"template":"","format":"standard","meta":{"jetpack_post_was_ever_published":false,"_jetpack_newsletter_access":"","jetpack_publicize_message":"","jetpack_is_tweetstorm":false,"jetpack_publicize_feature_enabled":true,"jetpack_social_post_already_shared":true,"jetpack_social_options":{"image_generator_settings":{"template":"highway","enabled":false}}},"categories":[225],"tags":[283,288,287],"jetpack_publicize_connections":[],"jetpack_featured_media_url":"https:\/\/www.untourdumonde.ch\/wp-content\/uploads\/2017\/07\/Cuba-310-Large.jpg","_links":{"self":[{"href":"https:\/\/www.untourdumonde.ch\/index.php\/wp-json\/wp\/v2\/posts\/12672"}],"collection":[{"href":"https:\/\/www.untourdumonde.ch\/index.php\/wp-json\/wp\/v2\/posts"}],"about":[{"href":"https:\/\/www.untourdumonde.ch\/index.php\/wp-json\/wp\/v2\/types\/post"}],"author":[{"embeddable":true,"href":"https:\/\/www.untourdumonde.ch\/index.php\/wp-json\/wp\/v2\/users\/1"}],"replies":[{"embeddable":true,"href":"https:\/\/www.untourdumonde.ch\/index.php\/wp-json\/wp\/v2\/comments?post=12672"}],"version-history":[{"count":6,"href":"https:\/\/www.untourdumonde.ch\/index.php\/wp-json\/wp\/v2\/posts\/12672\/revisions"}],"predecessor-version":[{"id":13100,"href":"https:\/\/www.untourdumonde.ch\/index.php\/wp-json\/wp\/v2\/posts\/12672\/revisions\/13100"}],"wp:featuredmedia":[{"embeddable":true,"href":"https:\/\/www.untourdumonde.ch\/index.php\/wp-json\/wp\/v2\/media\/12697"}],"wp:attachment":[{"href":"https:\/\/www.untourdumonde.ch\/index.php\/wp-json\/wp\/v2\/media?parent=12672"}],"wp:term":[{"taxonomy":"category","embeddable":true,"href":"https:\/\/www.untourdumonde.ch\/index.php\/wp-json\/wp\/v2\/categories?post=12672"},{"taxonomy":"post_tag","embeddable":true,"href":"https:\/\/www.untourdumonde.ch\/index.php\/wp-json\/wp\/v2\/tags?post=12672"}],"curies":[{"name":"wp","href":"https:\/\/api.w.org\/{rel}","templated":true}]}}