{"id":13209,"date":"2017-08-02T05:48:52","date_gmt":"2017-08-02T03:48:52","guid":{"rendered":"https:\/\/www.untourdumonde.ch\/?p=13209"},"modified":"2017-07-30T08:49:46","modified_gmt":"2017-07-30T06:49:46","slug":"recapitulatif-cuba","status":"publish","type":"post","link":"https:\/\/www.untourdumonde.ch\/index.php\/2017\/08\/02\/recapitulatif-cuba\/","title":{"rendered":"R\u00e9capitulatif : Cuba"},"content":{"rendered":"<h2>Voici un r\u00e9capitulatif pr\u00e9cis de ce que nous avons fait durant les deux semaines que nous avons pass\u00e9es \u00e0 Cuba :<\/h2>\n<h3>Le drapeau de Cuba : <a href=\"https:\/\/www.untourdumonde.ch\/wp-content\/uploads\/2017\/07\/Cuba-Flag.jpg\"><img decoding=\"async\" class=\"aligncenter size-medium wp-image-13210\" src=\"https:\/\/www.untourdumonde.ch\/wp-content\/uploads\/2017\/07\/Cuba-Flag-500x281.jpg\" alt=\"\" width=\"500\" height=\"281\" srcset=\"https:\/\/www.untourdumonde.ch\/wp-content\/uploads\/2017\/07\/Cuba-Flag-500x281.jpg 500w, https:\/\/www.untourdumonde.ch\/wp-content\/uploads\/2017\/07\/Cuba-Flag-768x432.jpg 768w, https:\/\/www.untourdumonde.ch\/wp-content\/uploads\/2017\/07\/Cuba-Flag-1800x1013.jpg 1800w, https:\/\/www.untourdumonde.ch\/wp-content\/uploads\/2017\/07\/Cuba-Flag.jpg 1920w\" sizes=\"(max-width: 500px) 100vw, 500px\" \/><\/a><\/h3>\n<h3>Nous nous sommes arr\u00eat\u00e9s dans les villes et h\u00e9bergements suivants :<\/h3>\n<ul>\n<li>les 6, 7 puis \u00e0 nouveau le 19 juillet 2017 : Casa Odalys \u00e0 la Havane (casa particular) &#8211; 2 chambres avec sdb et clim- 40 USD \/ nuit<\/li>\n<li>les 8, 9 et 10 juillet 2017 : Casa Los Pino \u00e0 Vinales (casa particular) &#8211; 1 chambre avec 2 grands lits, sdb et clim &#8211; 25 USD \/ nuit<\/li>\n<li>les 11, 12 et 13 juillet 2017 : Casa Encanto \u00e0 Playa Larga (casa particular) &#8211; 1 chambre avec 2 grands lits + 1 lit simple, sdb et clim &#8211; 15 USD \/ nuit<\/li>\n<li>les 14 et 15 juillet 2017 : Hostal Vilmar \u00e0 La Boca, Trinidad (casa particular) &#8211; 1 \u00e9norme chambre avec 3 grands lits, sdb et clim &#8211; 40 USD \/ nuit<\/li>\n<li>les 16, 17 et 18 juillet : Casa Richard &amp; Magaly \u00e0 Matanzas (casa particular) &#8211; 1 chambre avec 2 grands lits, sdb et clim &#8211; 35 USD \/ nuit<\/li>\n<\/ul>\n<p>Et sur une carte, cela donne \u00e7a :<br \/>\n<iframe src=\"https:\/\/planificateur.a-contresens.net\/embed-itineraire\/68264-carte?flag=0&amp;style=osm&amp;climate=0&amp;itinerary=1&amp;co2=0&amp;budget=0&amp;centercurrentstep=0&amp;stepnumber=0&amp;futurstep=transparent\" width=\"1024\" height=\"683\" frameborder=\"0\" allowfullscreen=\"allowfullscreen\"><\/iframe><\/p>\n<p><!-- vous pouvez supprimer les lignes ci-dessous ou les laisser si vous souhaiter nous aider &#224; promouvoir notre service --><\/p>\n<p>Cet itin\u00e9raire a \u00e9t\u00e9 ex\u00e9cut\u00e9 \u00e0 l&rsquo;aide du site <a href=\"https:\/\/planificateur.a-contresens.net\">Le planificateur de voyages<\/a><\/p>\n<p>Apr\u00e8s le Mexique, qui nous avait laiss\u00e9 une impression mitig\u00e9e, nous nous sommes tout de suite sentis mieux \u00e0 Cuba. Nous avons fait le choix de visiter cette \u00eele en utilisant les casa particular, les logements chez l&rsquo;habitant, pour essayer d&rsquo;\u00eatre au plus proche de la vie des gens et d&rsquo;essayer de comprendre au mieux comment se passe la vie sur l&rsquo;\u00eele. Nous avons bien fait, car l&rsquo;accueil en casa a toujours \u00e9t\u00e9 excellent, et a permis une proximit\u00e9 que nous n&rsquo;aurions certainement pas pu trouver en logeant en h\u00f4tel. Pour nos d\u00e9placements, nous avons opt\u00e9 pour les taxis, moins chers que la location de voiture (hors de prix) et que cinq billets de bus. Si ce choix nous a ennuy\u00e9s de prime abord, il a \u00e9t\u00e9 l&rsquo;occasion de belles et enrichissantes rencontres avec les chauffeurs de taxis. Notre apprentissage de l&rsquo;espagnol, bien que toujours h\u00e9sitant, nous a permis d&rsquo;\u00e9changer avec eux, ainsi qu&rsquo;avec les propri\u00e9taires des casas o\u00f9 nous logions, et d&rsquo;en apprendre beaucoup sur l&rsquo;\u00eele et son mode de vie si particulier.<\/p>\n<p>De Cuba, on retiendra bien entendu les vieilles voitures US, les cigares et les chapeaux de paille, mais aussi de magnifiques paysages, des champs et des collines verts, du ma\u00efs, du manioc, du riz&#8230; On a loup\u00e9 le tabac, qui pousse en tout d\u00e9but d&rsquo;ann\u00e9e, mais on imagine sans peine la r\u00e9gion de Vinales, sorte de baie d&rsquo;Halong terrestre avec ses formations rocheuses arrondies, remplie de champs de tabac vert. On se rappellera aussi des bleus incroyables de ses plages, et du bapt\u00eame de plong\u00e9e que les enfants ont pu y faire. Apr\u00e8s avoir d\u00e9couvert une partie du monde, c&rsquo;\u00e9tait g\u00e9nial de leur ouvrir les portes de ce que l&rsquo;on trouve sous l&rsquo;eau ! On retiendra aussi la gentillesse des gens, et la d\u00e9brouillardise dont ce peuple doit faire preuve pour pouvoir relever les d\u00e9fis quotidiens que le blocus US et les choix du gouvernement en place imposent !<\/p>\n<p>Car en effet, si nous avons aim\u00e9 les c\u00f4t\u00e9s magnifiques et \u00ab\u00a0carte postale\u00a0\u00bb que l&rsquo;on nous pr\u00e9sente quand on est touristes, on d\u00e9couvre en grattant un peu et en \u00e9changeant avec les gens que cette \u00eele ressemble en fait \u00e0 ce qu&rsquo;on pourrait qualifier \u00ab\u00a0d&rsquo;\u00eele prison\u00a0\u00bb. En effet, pas moyen pour les Cubains de voyager, d&rsquo;acc\u00e9der \u00e0 la propri\u00e9t\u00e9 ou d&rsquo;acheter une voiture. Ou si, mais toujours \u00e0 des conditions si difficiles, financi\u00e8rement ou administrativement parlant. Une grosse propagande, qui semble assez bien fonctionner, fait croire aux Cubains que toutes les restrictions permettent de vivre en s\u00e9curit\u00e9 sur l&rsquo;\u00eele. Le contr\u00f4le total de l&rsquo;acc\u00e8s \u00e0 internet (on doit acheter une carte \u00e0 gratter dans une soci\u00e9t\u00e9 \u00e9tatis\u00e9e et la carte est associ\u00e9e au passeport de l&rsquo;acheteur) ne choque pas les Cubains, qui semblent penser que cela \u00e9vite la diffusion de \u00ab\u00a0mauvaises choses\u00a0\u00bb que l&rsquo;on peut trouver sur le net&#8230; Quand on arrive \u00e0 gratter un peu, on comprend qu&rsquo;un contr\u00f4le total est appliqu\u00e9 par le gouvernement, que la possession d&rsquo;armes est totalement interdit, et que toute d\u00e9claration hostile au gouvernement est s\u00e9v\u00e8rement punie, garantissant au syst\u00e8me de perdurer.<\/p>\n<p>C&rsquo;est donc un sentiment un peu bizarre qui nous habite au moment de r\u00e9sumer note s\u00e9jour sur l&rsquo;\u00eele. Nous avons ador\u00e9 les gens, leur gentillesse et leur ing\u00e9niosit\u00e9, mais nous peinons \u00e0 comprendre comment un tel syst\u00e8me, surtout avec autant de tourisme, peut encore perdurer de nos jours. Nous esp\u00e9rons vraiment pour les Cubains que cela \u00e9voluera vite, m\u00eame si cela doit d\u00e9boucher sur un changement de tout ce qui fait Cuba \u00e0 ce jour&#8230;<\/p>\n<h2>Petit r\u00e9capitulatif de ce qu&rsquo;on a aim\u00e9 et de ce qu&rsquo;on a moins aim\u00e9 lors de la visite de ce pays :<\/h2>\n<h3>On a aim\u00e9<\/h3>\n<ul>\n<li>les casa particular et le contact avec les gens<\/li>\n<li>les Cubains sympathiques et accueillants<\/li>\n<li>les vieilles voitures US<\/li>\n<li>la mer turquoise<\/li>\n<li>la plong\u00e9e! Les coraux et les poissons<\/li>\n<li>se baigner sur des plages remplies de Cubains \u00e0 l&rsquo;ambiance si sympathique<\/li>\n<li>les paysages si nets aux couleurs magnifiques<\/li>\n<li>les merveilleux fruits de l&rsquo;exploitation d&rsquo;Acebo \u00e0 Playa Larga<\/li>\n<li>le tour \u00e0 cheval<\/li>\n<li>prendre le coco-taxi<\/li>\n<li>boire des cuba libre<\/li>\n<\/ul>\n<h3>On n\u2019a pas aim\u00e9<\/h3>\n<ul>\n<li>l&rsquo;exp\u00e9rience des taxis collectifs dans lesquels on \u00e9tait tout serr\u00e9s et o\u00f9 il faisait trop chaud<\/li>\n<li>les attaques de moustiques<\/li>\n<li>les orages tous les soirs qui nous ont souvent fait partir en courant des plages o\u00f9 nous \u00e9tions<\/li>\n<li>les files d&rsquo;attente<\/li>\n<li>l&rsquo;acc\u00e8s restreint \u00e0 internet<\/li>\n<li>la pollution: atmosph\u00e8re difficilement respirable \u00e0 la Havane parfois, et beaucoup de plastique et de d\u00e9chets \u00e0 certains endroits de l&rsquo;\u00eele.<\/li>\n<\/ul>\n<h2><\/h2>\n","protected":false},"excerpt":{"rendered":"<p>Voici un r\u00e9capitulatif pr\u00e9cis de ce que nous avons fait durant les deux semaines que nous avons pass\u00e9es \u00e0 Cuba : Le drapeau de Cuba [&#8230;]<\/p>\n","protected":false},"author":1,"featured_media":13210,"comment_status":"open","ping_status":"open","sticky":false,"template":"","format":"standard","meta":{"jetpack_post_was_ever_published":false,"_jetpack_newsletter_access":"","jetpack_publicize_message":"","jetpack_is_tweetstorm":false,"jetpack_publicize_feature_enabled":true,"jetpack_social_post_already_shared":true,"jetpack_social_options":{"image_generator_settings":{"template":"highway","enabled":false}}},"categories":[225],"tags":[223],"jetpack_publicize_connections":[],"jetpack_featured_media_url":"https:\/\/www.untourdumonde.ch\/wp-content\/uploads\/2017\/07\/Cuba-Flag.jpg","_links":{"self":[{"href":"https:\/\/www.untourdumonde.ch\/index.php\/wp-json\/wp\/v2\/posts\/13209"}],"collection":[{"href":"https:\/\/www.untourdumonde.ch\/index.php\/wp-json\/wp\/v2\/posts"}],"about":[{"href":"https:\/\/www.untourdumonde.ch\/index.php\/wp-json\/wp\/v2\/types\/post"}],"author":[{"embeddable":true,"href":"https:\/\/www.untourdumonde.ch\/index.php\/wp-json\/wp\/v2\/users\/1"}],"replies":[{"embeddable":true,"href":"https:\/\/www.untourdumonde.ch\/index.php\/wp-json\/wp\/v2\/comments?post=13209"}],"version-history":[{"count":5,"href":"https:\/\/www.untourdumonde.ch\/index.php\/wp-json\/wp\/v2\/posts\/13209\/revisions"}],"predecessor-version":[{"id":13235,"href":"https:\/\/www.untourdumonde.ch\/index.php\/wp-json\/wp\/v2\/posts\/13209\/revisions\/13235"}],"wp:featuredmedia":[{"embeddable":true,"href":"https:\/\/www.untourdumonde.ch\/index.php\/wp-json\/wp\/v2\/media\/13210"}],"wp:attachment":[{"href":"https:\/\/www.untourdumonde.ch\/index.php\/wp-json\/wp\/v2\/media?parent=13209"}],"wp:term":[{"taxonomy":"category","embeddable":true,"href":"https:\/\/www.untourdumonde.ch\/index.php\/wp-json\/wp\/v2\/categories?post=13209"},{"taxonomy":"post_tag","embeddable":true,"href":"https:\/\/www.untourdumonde.ch\/index.php\/wp-json\/wp\/v2\/tags?post=13209"}],"curies":[{"name":"wp","href":"https:\/\/api.w.org\/{rel}","templated":true}]}}