{"id":13682,"date":"2017-08-09T09:20:39","date_gmt":"2017-08-09T07:20:39","guid":{"rendered":"https:\/\/www.untourdumonde.ch\/?p=13682"},"modified":"2017-08-09T09:20:39","modified_gmt":"2017-08-09T07:20:39","slug":"nous-rentrons-en-suisse","status":"publish","type":"post","link":"https:\/\/www.untourdumonde.ch\/index.php\/2017\/08\/09\/nous-rentrons-en-suisse\/","title":{"rendered":"Nous rentrons en Suisse!"},"content":{"rendered":"<p>Ce matin, on se r\u00e9veille tous tr\u00e8s excit\u00e9s, c&rsquo;est aujourd&rsquo;hui que nous prenons l&rsquo;avion pour la Suisse! Nous passons d&rsquo;abord \u00e0 l&rsquo;agence de location pour rendre notre voiture.<a href=\"https:\/\/www.untourdumonde.ch\/wp-content\/uploads\/2017\/08\/DSC_1002.jpg\"><img decoding=\"async\" class=\"aligncenter size-medium wp-image-13673\" src=\"https:\/\/www.untourdumonde.ch\/wp-content\/uploads\/2017\/08\/DSC_1002-500x281.jpg\" alt=\"\" width=\"500\" height=\"281\" srcset=\"https:\/\/www.untourdumonde.ch\/wp-content\/uploads\/2017\/08\/DSC_1002-500x281.jpg 500w, https:\/\/www.untourdumonde.ch\/wp-content\/uploads\/2017\/08\/DSC_1002-768x432.jpg 768w, https:\/\/www.untourdumonde.ch\/wp-content\/uploads\/2017\/08\/DSC_1002-1800x1013.jpg 1800w, https:\/\/www.untourdumonde.ch\/wp-content\/uploads\/2017\/08\/DSC_1002.jpg 1980w\" sizes=\"(max-width: 500px) 100vw, 500px\" \/><\/a><\/p>\n<p>Puis nous allons faire le check-in des bagages. On a de la peine \u00e0 trouver le guichet, car on voyage avec Singapore Airline, mais le vol est fait par Virgin Atlantic, dont les guichets sont sous le nom de l&rsquo;alliance Delta. On se perd un peu mais finalement, on trouve le bon guichet et nous avons nos vols pour Londres.<a href=\"https:\/\/www.untourdumonde.ch\/wp-content\/uploads\/2017\/08\/DSC_1005-1.jpg\"><img decoding=\"async\" class=\"aligncenter size-medium wp-image-13674\" src=\"https:\/\/www.untourdumonde.ch\/wp-content\/uploads\/2017\/08\/DSC_1005-1-500x281.jpg\" alt=\"\" width=\"500\" height=\"281\" srcset=\"https:\/\/www.untourdumonde.ch\/wp-content\/uploads\/2017\/08\/DSC_1005-1-500x281.jpg 500w, https:\/\/www.untourdumonde.ch\/wp-content\/uploads\/2017\/08\/DSC_1005-1-768x432.jpg 768w, https:\/\/www.untourdumonde.ch\/wp-content\/uploads\/2017\/08\/DSC_1005-1-1800x1013.jpg 1800w, https:\/\/www.untourdumonde.ch\/wp-content\/uploads\/2017\/08\/DSC_1005-1.jpg 1980w\" sizes=\"(max-width: 500px) 100vw, 500px\" \/><\/a><\/p>\n<p>Notre vol dure 9h30 et se passe bien. Mais, on n&rsquo;est toujours aussi nuls pour dormir dans les avions. On essaye tous, pendant longtemps, mais entre la mauvaise position, le peu de place, et l&rsquo;excitation de retrouver notre petit monde, on va tr\u00e8s tr\u00e8s peu dormir.<\/p>\n<p>Nous arrivons \u00e0 Londres et r\u00e9cup\u00e9rons nos bagages. On est raides! Mais tout contents!<a href=\"https:\/\/www.untourdumonde.ch\/wp-content\/uploads\/2017\/08\/dsc_1013100991840.jpg\"><img decoding=\"async\" class=\"aligncenter size-medium wp-image-13668\" src=\"https:\/\/www.untourdumonde.ch\/wp-content\/uploads\/2017\/08\/dsc_1013100991840-281x500.jpg\" alt=\"\" width=\"281\" height=\"500\" srcset=\"https:\/\/www.untourdumonde.ch\/wp-content\/uploads\/2017\/08\/dsc_1013100991840-281x500.jpg 281w, https:\/\/www.untourdumonde.ch\/wp-content\/uploads\/2017\/08\/dsc_1013100991840-768x1365.jpg 768w, https:\/\/www.untourdumonde.ch\/wp-content\/uploads\/2017\/08\/dsc_1013100991840-1013x1800.jpg 1013w, https:\/\/www.untourdumonde.ch\/wp-content\/uploads\/2017\/08\/dsc_1013100991840.jpg 1458w\" sizes=\"(max-width: 281px) 100vw, 281px\" \/><\/a><\/p>\n<p>Apr\u00e8s avoir chang\u00e9 de terminal, puis refait un check-in pour aller de Londres \u00e0 Gen\u00e8ve (attention, cette fois dans la file, il y a des gens qui parlent fran\u00e7ais et l&rsquo;on doit se m\u00e9fier de ce que l&rsquo;on a pris l&rsquo;habitude de dire tout haut&#8230;), nous d\u00e9cidons de tester un lounge pour la premi\u00e8re fois de notre vie. Allez, soyons fous, on s&rsquo;offre \u00e7a pour le dernier trajet! On entre donc au Plaza Premier Lounge.<a href=\"https:\/\/www.untourdumonde.ch\/wp-content\/uploads\/2017\/08\/dsc_1008298339088.jpg\"><img decoding=\"async\" class=\"aligncenter size-medium wp-image-13671\" src=\"https:\/\/www.untourdumonde.ch\/wp-content\/uploads\/2017\/08\/dsc_1008298339088-500x281.jpg\" alt=\"\" width=\"500\" height=\"281\" srcset=\"https:\/\/www.untourdumonde.ch\/wp-content\/uploads\/2017\/08\/dsc_1008298339088-500x281.jpg 500w, https:\/\/www.untourdumonde.ch\/wp-content\/uploads\/2017\/08\/dsc_1008298339088-768x432.jpg 768w, https:\/\/www.untourdumonde.ch\/wp-content\/uploads\/2017\/08\/dsc_1008298339088-1800x1013.jpg 1800w, https:\/\/www.untourdumonde.ch\/wp-content\/uploads\/2017\/08\/dsc_1008298339088.jpg 1980w\" sizes=\"(max-width: 500px) 100vw, 500px\" \/><\/a><\/p>\n<p>Nous atterrissons dans ce que l&rsquo;on pourrait appeler une sorte de grande cantine. Il y a beaucoup de monde, du bruit, des assiettes vides un peu partout et de la nourriture sur la moquette&#8230; Apparemment, le personnel du lounge a de la peine \u00e0 suivre. Mince alors! Si c&rsquo;est pour \u00e7a, on aurait pu rester dehors!<\/p>\n<p>Bon, on ne se formalise pas, et on file d\u00e9valiser le buffet \u00e0 volont\u00e9 (finalement assez moyen).<a href=\"https:\/\/www.untourdumonde.ch\/wp-content\/uploads\/2017\/08\/DSC_1009.jpg\"><img decoding=\"async\" class=\"aligncenter size-medium wp-image-13672\" src=\"https:\/\/www.untourdumonde.ch\/wp-content\/uploads\/2017\/08\/DSC_1009-500x281.jpg\" alt=\"\" width=\"500\" height=\"281\" srcset=\"https:\/\/www.untourdumonde.ch\/wp-content\/uploads\/2017\/08\/DSC_1009-500x281.jpg 500w, https:\/\/www.untourdumonde.ch\/wp-content\/uploads\/2017\/08\/DSC_1009-768x432.jpg 768w, https:\/\/www.untourdumonde.ch\/wp-content\/uploads\/2017\/08\/DSC_1009-1800x1013.jpg 1800w, https:\/\/www.untourdumonde.ch\/wp-content\/uploads\/2017\/08\/DSC_1009.jpg 1980w\" sizes=\"(max-width: 500px) 100vw, 500px\" \/><\/a><\/p>\n<p>Et on s&rsquo;installe un peu comme on arrive sur les si\u00e8ges rembourr\u00e9s pour tenter de faire un petit somme, histoire de r\u00e9cup\u00e9rer. Ouaip, c&rsquo;est pas trop classe on sait, on essaiera de refaire bonne figure dans quelques heures \u00e0 Gen\u00e8ve.<\/p>\n<p><a href=\"https:\/\/www.untourdumonde.ch\/wp-content\/uploads\/2017\/08\/dsc_1010432639547.jpg\"><img decoding=\"async\" class=\"aligncenter size-medium wp-image-13669\" src=\"https:\/\/www.untourdumonde.ch\/wp-content\/uploads\/2017\/08\/dsc_1010432639547-500x281.jpg\" alt=\"\" width=\"500\" height=\"281\" srcset=\"https:\/\/www.untourdumonde.ch\/wp-content\/uploads\/2017\/08\/dsc_1010432639547-500x281.jpg 500w, https:\/\/www.untourdumonde.ch\/wp-content\/uploads\/2017\/08\/dsc_1010432639547-768x432.jpg 768w, https:\/\/www.untourdumonde.ch\/wp-content\/uploads\/2017\/08\/dsc_1010432639547-1800x1013.jpg 1800w, https:\/\/www.untourdumonde.ch\/wp-content\/uploads\/2017\/08\/dsc_1010432639547.jpg 1980w\" sizes=\"(max-width: 500px) 100vw, 500px\" \/><\/a><\/p>\n<p>Apr\u00e8s un petit dodo, nous voil\u00e0 devant notre porte d&#8217;embarquement pour Gen\u00e8ve. \u00c7a y est, le fameux vol du retour est l\u00e0! Cela fait douze mois qu&rsquo;on l&rsquo;imagine et le voil\u00e0. Car si le voyage se pr\u00e9pare et se r\u00eave, le retour aussi!<a href=\"https:\/\/www.untourdumonde.ch\/wp-content\/uploads\/2017\/08\/dsc_10121020560681.jpg\"><img decoding=\"async\" class=\"aligncenter size-medium wp-image-13667\" src=\"https:\/\/www.untourdumonde.ch\/wp-content\/uploads\/2017\/08\/dsc_10121020560681-281x500.jpg\" alt=\"\" width=\"281\" height=\"500\" srcset=\"https:\/\/www.untourdumonde.ch\/wp-content\/uploads\/2017\/08\/dsc_10121020560681-281x500.jpg 281w, https:\/\/www.untourdumonde.ch\/wp-content\/uploads\/2017\/08\/dsc_10121020560681-768x1365.jpg 768w, https:\/\/www.untourdumonde.ch\/wp-content\/uploads\/2017\/08\/dsc_10121020560681-1013x1800.jpg 1013w\" sizes=\"(max-width: 281px) 100vw, 281px\" \/><\/a><\/p>\n<p><a href=\"https:\/\/www.untourdumonde.ch\/wp-content\/uploads\/2017\/08\/DSC_1011-1.jpg\"><img decoding=\"async\" class=\"aligncenter size-medium wp-image-13670\" src=\"https:\/\/www.untourdumonde.ch\/wp-content\/uploads\/2017\/08\/DSC_1011-1-500x281.jpg\" alt=\"\" width=\"500\" height=\"281\" srcset=\"https:\/\/www.untourdumonde.ch\/wp-content\/uploads\/2017\/08\/DSC_1011-1-500x281.jpg 500w, https:\/\/www.untourdumonde.ch\/wp-content\/uploads\/2017\/08\/DSC_1011-1-768x432.jpg 768w, https:\/\/www.untourdumonde.ch\/wp-content\/uploads\/2017\/08\/DSC_1011-1-1800x1013.jpg 1800w, https:\/\/www.untourdumonde.ch\/wp-content\/uploads\/2017\/08\/DSC_1011-1.jpg 1980w\" sizes=\"(max-width: 500px) 100vw, 500px\" \/><\/a><\/p>\n<p>Apr\u00e8s un peu plus d&rsquo;une heure de vol, nous voil\u00e0 au-dessus du territoire suisse.<a href=\"https:\/\/www.untourdumonde.ch\/wp-content\/uploads\/2017\/08\/dsc_1021140774924.jpg\"><img decoding=\"async\" class=\"aligncenter size-medium wp-image-13662\" src=\"https:\/\/www.untourdumonde.ch\/wp-content\/uploads\/2017\/08\/dsc_1021140774924-281x500.jpg\" alt=\"\" width=\"281\" height=\"500\" srcset=\"https:\/\/www.untourdumonde.ch\/wp-content\/uploads\/2017\/08\/dsc_1021140774924-281x500.jpg 281w, https:\/\/www.untourdumonde.ch\/wp-content\/uploads\/2017\/08\/dsc_1021140774924-768x1365.jpg 768w, https:\/\/www.untourdumonde.ch\/wp-content\/uploads\/2017\/08\/dsc_1021140774924-1013x1800.jpg 1013w\" sizes=\"(max-width: 281px) 100vw, 281px\" \/><\/a><\/p>\n<p>Nous survolons le lac L\u00e9man, qui a \u00ab\u00a0presque\u00a0\u00bb pris des airs de Polyn\u00e9sie pour nous recevoir!<a href=\"https:\/\/www.untourdumonde.ch\/wp-content\/uploads\/2017\/08\/DSC_5015.jpg\"><img decoding=\"async\" class=\"aligncenter size-medium wp-image-13687\" src=\"https:\/\/www.untourdumonde.ch\/wp-content\/uploads\/2017\/08\/DSC_5015-500x281.jpg\" alt=\"\" width=\"500\" height=\"281\" srcset=\"https:\/\/www.untourdumonde.ch\/wp-content\/uploads\/2017\/08\/DSC_5015-500x281.jpg 500w, https:\/\/www.untourdumonde.ch\/wp-content\/uploads\/2017\/08\/DSC_5015-768x432.jpg 768w, https:\/\/www.untourdumonde.ch\/wp-content\/uploads\/2017\/08\/DSC_5015-1800x1013.jpg 1800w, https:\/\/www.untourdumonde.ch\/wp-content\/uploads\/2017\/08\/DSC_5015.jpg 1980w\" sizes=\"(max-width: 500px) 100vw, 500px\" \/><\/a><\/p>\n<p>On attend nos bagages et on fait une derni\u00e8re photo de nous cinq avant la sortie (merci Sonia, une coll\u00e8gue de Anne rentrant de Rhodes, qui nous a fait la photo!). Beaucoup d&rsquo;\u00e9motions, cette fois c&rsquo;est la fin de l&rsquo;aventure. Mais beaucoup d&rsquo;excitation: on va retrouver tout ceux que l&rsquo;on aime!<a href=\"https:\/\/www.untourdumonde.ch\/wp-content\/uploads\/2017\/08\/DSC_1025.jpg\"><img decoding=\"async\" class=\"aligncenter size-medium wp-image-13663\" src=\"https:\/\/www.untourdumonde.ch\/wp-content\/uploads\/2017\/08\/DSC_1025-500x281.jpg\" alt=\"\" width=\"500\" height=\"281\" srcset=\"https:\/\/www.untourdumonde.ch\/wp-content\/uploads\/2017\/08\/DSC_1025-500x281.jpg 500w, https:\/\/www.untourdumonde.ch\/wp-content\/uploads\/2017\/08\/DSC_1025-768x432.jpg 768w, https:\/\/www.untourdumonde.ch\/wp-content\/uploads\/2017\/08\/DSC_1025-1800x1013.jpg 1800w, https:\/\/www.untourdumonde.ch\/wp-content\/uploads\/2017\/08\/DSC_1025.jpg 1980w\" sizes=\"(max-width: 500px) 100vw, 500px\" \/><\/a><\/p>\n<p>Nous nous dirigeons vers la sortie, la porte coulissante s&rsquo;ouvre, et c&rsquo;est une \u00e9nooorme banderole qui se d\u00e9roule sous nos yeux: \u00ab\u00a0Bienvenus chez vous les Pfyffer\u00a0\u00bb, avec de la musique et des applaudissements! Nous \u00e9clatons de rire. Les enfants courent pour d\u00e9couvrir qui compose ce si magnifique comit\u00e9 d&rsquo;accueil!!!<a href=\"https:\/\/www.untourdumonde.ch\/wp-content\/uploads\/2017\/08\/DSC_1027-1.jpg\"><img decoding=\"async\" class=\"aligncenter size-medium wp-image-13664\" src=\"https:\/\/www.untourdumonde.ch\/wp-content\/uploads\/2017\/08\/DSC_1027-1-500x281.jpg\" alt=\"\" width=\"500\" height=\"281\" srcset=\"https:\/\/www.untourdumonde.ch\/wp-content\/uploads\/2017\/08\/DSC_1027-1-500x281.jpg 500w, https:\/\/www.untourdumonde.ch\/wp-content\/uploads\/2017\/08\/DSC_1027-1-768x432.jpg 768w, https:\/\/www.untourdumonde.ch\/wp-content\/uploads\/2017\/08\/DSC_1027-1-1800x1013.jpg 1800w, https:\/\/www.untourdumonde.ch\/wp-content\/uploads\/2017\/08\/DSC_1027-1.jpg 1980w\" sizes=\"(max-width: 500px) 100vw, 500px\" \/><\/a><\/p>\n<p><a href=\"https:\/\/www.untourdumonde.ch\/wp-content\/uploads\/2017\/08\/DSC_5019.jpg\"><img decoding=\"async\" class=\"aligncenter size-medium wp-image-13680\" src=\"https:\/\/www.untourdumonde.ch\/wp-content\/uploads\/2017\/08\/DSC_5019-500x281.jpg\" alt=\"\" width=\"500\" height=\"281\" srcset=\"https:\/\/www.untourdumonde.ch\/wp-content\/uploads\/2017\/08\/DSC_5019-500x281.jpg 500w, https:\/\/www.untourdumonde.ch\/wp-content\/uploads\/2017\/08\/DSC_5019-768x432.jpg 768w, https:\/\/www.untourdumonde.ch\/wp-content\/uploads\/2017\/08\/DSC_5019-1800x1013.jpg 1800w, https:\/\/www.untourdumonde.ch\/wp-content\/uploads\/2017\/08\/DSC_5019.jpg 1980w\" sizes=\"(max-width: 500px) 100vw, 500px\" \/><\/a><\/p>\n<p>Puis ce sont de longues embrassades qui commencent, beaucoup de joie, d&rsquo;\u00e9motion et de rires. Un moment cadeau dans une vie!<a href=\"https:\/\/www.untourdumonde.ch\/wp-content\/uploads\/2017\/08\/DSC_5016.jpg\"><img decoding=\"async\" class=\"aligncenter size-medium wp-image-13679\" src=\"https:\/\/www.untourdumonde.ch\/wp-content\/uploads\/2017\/08\/DSC_5016-500x281.jpg\" alt=\"\" width=\"500\" height=\"281\" srcset=\"https:\/\/www.untourdumonde.ch\/wp-content\/uploads\/2017\/08\/DSC_5016-500x281.jpg 500w, https:\/\/www.untourdumonde.ch\/wp-content\/uploads\/2017\/08\/DSC_5016-768x432.jpg 768w, https:\/\/www.untourdumonde.ch\/wp-content\/uploads\/2017\/08\/DSC_5016-1800x1013.jpg 1800w, https:\/\/www.untourdumonde.ch\/wp-content\/uploads\/2017\/08\/DSC_5016.jpg 1980w\" sizes=\"(max-width: 500px) 100vw, 500px\" \/><\/a><\/p>\n<p>Apr\u00e8s l&rsquo;\u00e9motion, place \u00e0 l&rsquo;ap\u00e9ro! Sur le parking de l&rsquo;a\u00e9roport, notre super comit\u00e9 d&rsquo;accueil avait pr\u00e9par\u00e9 le Fendant et l&rsquo;assiette valaisanne! Comme c&rsquo;est bon!<a href=\"https:\/\/www.untourdumonde.ch\/wp-content\/uploads\/2017\/08\/DSC_5021.jpg\"><img decoding=\"async\" class=\"aligncenter size-medium wp-image-13677\" src=\"https:\/\/www.untourdumonde.ch\/wp-content\/uploads\/2017\/08\/DSC_5021-500x281.jpg\" alt=\"\" width=\"500\" height=\"281\" srcset=\"https:\/\/www.untourdumonde.ch\/wp-content\/uploads\/2017\/08\/DSC_5021-500x281.jpg 500w, https:\/\/www.untourdumonde.ch\/wp-content\/uploads\/2017\/08\/DSC_5021-768x432.jpg 768w, https:\/\/www.untourdumonde.ch\/wp-content\/uploads\/2017\/08\/DSC_5021-1800x1013.jpg 1800w, https:\/\/www.untourdumonde.ch\/wp-content\/uploads\/2017\/08\/DSC_5021.jpg 1980w\" sizes=\"(max-width: 500px) 100vw, 500px\" \/><\/a><\/p>\n<p>Puis retour en Valais en bus tous ensemble! D\u00e9cid\u00e9ment, ils avaient tout pr\u00e9vu! Ambiance super sympa, ponctu\u00e9e de \u00ab\u00a0sant\u00e9!\u00a0\u00bb; tout le monde se raconte plein d&rsquo;histoires et rigolent. On est trop contents de se retrouver. Par la fen\u00eatre, nous verrons un magnifique arc-en-ciel, qui nous accompagnera de Gen\u00e8ve \u00e0 Lausanne. M\u00eame le ciel est \u00e0 la f\u00eate!<a href=\"https:\/\/www.untourdumonde.ch\/wp-content\/uploads\/2017\/08\/dsc_10331908929880.jpg\"><img decoding=\"async\" class=\"aligncenter size-medium wp-image-13665\" src=\"https:\/\/www.untourdumonde.ch\/wp-content\/uploads\/2017\/08\/dsc_10331908929880-500x281.jpg\" alt=\"\" width=\"500\" height=\"281\" srcset=\"https:\/\/www.untourdumonde.ch\/wp-content\/uploads\/2017\/08\/dsc_10331908929880-500x281.jpg 500w, https:\/\/www.untourdumonde.ch\/wp-content\/uploads\/2017\/08\/dsc_10331908929880-768x432.jpg 768w, https:\/\/www.untourdumonde.ch\/wp-content\/uploads\/2017\/08\/dsc_10331908929880-1800x1013.jpg 1800w, https:\/\/www.untourdumonde.ch\/wp-content\/uploads\/2017\/08\/dsc_10331908929880.jpg 1980w\" sizes=\"(max-width: 500px) 100vw, 500px\" \/><\/a><\/p>\n<p>En arrivant \u00e0 5 minutes de notre maison, on nous dit de bien regarder le prochain giratoire. Dans la nuit, on distingue une banderole orange et plein de bras qui disent coucou. On s&rsquo;approche, et nous d\u00e9couvrons tous les copains \u00e0 Etienne! Sur la banderole est \u00e9crit: \u00ab\u00a0Les Pfyff, on kiffe!\u00a0\u00bb. Trop sympa! On descend du bus \u00e0 toute vitesse, grosses accolades, gros becs, que \u00e7a fait du bien de retrouver les copains!<a href=\"https:\/\/www.untourdumonde.ch\/wp-content\/uploads\/2017\/08\/DSC_1038-1.jpg\"><img decoding=\"async\" class=\"aligncenter size-medium wp-image-13666\" src=\"https:\/\/www.untourdumonde.ch\/wp-content\/uploads\/2017\/08\/DSC_1038-1-500x281.jpg\" alt=\"\" width=\"500\" height=\"281\" srcset=\"https:\/\/www.untourdumonde.ch\/wp-content\/uploads\/2017\/08\/DSC_1038-1-500x281.jpg 500w, https:\/\/www.untourdumonde.ch\/wp-content\/uploads\/2017\/08\/DSC_1038-1-768x432.jpg 768w, https:\/\/www.untourdumonde.ch\/wp-content\/uploads\/2017\/08\/DSC_1038-1-1800x1013.jpg 1800w, https:\/\/www.untourdumonde.ch\/wp-content\/uploads\/2017\/08\/DSC_1038-1.jpg 1980w\" sizes=\"(max-width: 500px) 100vw, 500px\" \/><\/a><\/p>\n<p><a href=\"https:\/\/www.untourdumonde.ch\/wp-content\/uploads\/2017\/08\/dsc_10391158376390.jpg\"><img decoding=\"async\" class=\"aligncenter size-medium wp-image-13657\" src=\"https:\/\/www.untourdumonde.ch\/wp-content\/uploads\/2017\/08\/dsc_10391158376390-500x281.jpg\" alt=\"\" width=\"500\" height=\"281\" srcset=\"https:\/\/www.untourdumonde.ch\/wp-content\/uploads\/2017\/08\/dsc_10391158376390-500x281.jpg 500w, https:\/\/www.untourdumonde.ch\/wp-content\/uploads\/2017\/08\/dsc_10391158376390-768x432.jpg 768w, https:\/\/www.untourdumonde.ch\/wp-content\/uploads\/2017\/08\/dsc_10391158376390-1800x1013.jpg 1800w, https:\/\/www.untourdumonde.ch\/wp-content\/uploads\/2017\/08\/dsc_10391158376390.jpg 1980w\" sizes=\"(max-width: 500px) 100vw, 500px\" \/><\/a><\/p>\n<p>Puis nous arrivons \u00e0 notre maison. Gros moment d&rsquo;\u00e9motion apr\u00e8s douze mois d&rsquo;absence. On entre. Elle est magnifique, elle est belle, elle est parfaite! Merci \u00e0 nos locataires d&rsquo;en avoir pris si bien soin, et \u00e0 nos mamans: \u00e0 Marguerite de l&rsquo;avoir rendue si accueillante et \u00e0 Fran\u00e7oise pour la d\u00e9co! Les enfants sont ravis, ils retrouvent leurs jouets, leurs doudous, leurs chambres, leurs lits!<a href=\"https:\/\/www.untourdumonde.ch\/wp-content\/uploads\/2017\/08\/DSC_1042.jpg\"><img decoding=\"async\" class=\"aligncenter size-medium wp-image-13658\" src=\"https:\/\/www.untourdumonde.ch\/wp-content\/uploads\/2017\/08\/DSC_1042-500x281.jpg\" alt=\"\" width=\"500\" height=\"281\" srcset=\"https:\/\/www.untourdumonde.ch\/wp-content\/uploads\/2017\/08\/DSC_1042-500x281.jpg 500w, https:\/\/www.untourdumonde.ch\/wp-content\/uploads\/2017\/08\/DSC_1042-768x432.jpg 768w, https:\/\/www.untourdumonde.ch\/wp-content\/uploads\/2017\/08\/DSC_1042-1800x1013.jpg 1800w, https:\/\/www.untourdumonde.ch\/wp-content\/uploads\/2017\/08\/DSC_1042.jpg 1980w\" sizes=\"(max-width: 500px) 100vw, 500px\" \/><\/a><\/p>\n<p><a href=\"https:\/\/www.untourdumonde.ch\/wp-content\/uploads\/2017\/08\/dsc_5040-1996493593.jpg\"><img decoding=\"async\" class=\"aligncenter size-medium wp-image-13684\" src=\"https:\/\/www.untourdumonde.ch\/wp-content\/uploads\/2017\/08\/dsc_5040-1996493593-281x500.jpg\" alt=\"\" width=\"281\" height=\"500\" srcset=\"https:\/\/www.untourdumonde.ch\/wp-content\/uploads\/2017\/08\/dsc_5040-1996493593-281x500.jpg 281w, https:\/\/www.untourdumonde.ch\/wp-content\/uploads\/2017\/08\/dsc_5040-1996493593-768x1365.jpg 768w, https:\/\/www.untourdumonde.ch\/wp-content\/uploads\/2017\/08\/dsc_5040-1996493593-1013x1800.jpg 1013w, https:\/\/www.untourdumonde.ch\/wp-content\/uploads\/2017\/08\/dsc_5040-1996493593.jpg 1980w\" sizes=\"(max-width: 281px) 100vw, 281px\" \/><\/a><\/p>\n<p><a href=\"https:\/\/www.untourdumonde.ch\/wp-content\/uploads\/2017\/08\/dsc_5041285651381.jpg\"><img decoding=\"async\" class=\"aligncenter size-medium wp-image-13676\" src=\"https:\/\/www.untourdumonde.ch\/wp-content\/uploads\/2017\/08\/dsc_5041285651381-281x500.jpg\" alt=\"\" width=\"281\" height=\"500\" srcset=\"https:\/\/www.untourdumonde.ch\/wp-content\/uploads\/2017\/08\/dsc_5041285651381-281x500.jpg 281w, https:\/\/www.untourdumonde.ch\/wp-content\/uploads\/2017\/08\/dsc_5041285651381-768x1365.jpg 768w, https:\/\/www.untourdumonde.ch\/wp-content\/uploads\/2017\/08\/dsc_5041285651381-1013x1800.jpg 1013w\" sizes=\"(max-width: 281px) 100vw, 281px\" \/><\/a><\/p>\n<p><a href=\"https:\/\/www.untourdumonde.ch\/wp-content\/uploads\/2017\/08\/dsc_5039-2053511663.jpg\"><img decoding=\"async\" class=\"aligncenter size-medium wp-image-13681\" src=\"https:\/\/www.untourdumonde.ch\/wp-content\/uploads\/2017\/08\/dsc_5039-2053511663-281x500.jpg\" alt=\"\" width=\"281\" height=\"500\" srcset=\"https:\/\/www.untourdumonde.ch\/wp-content\/uploads\/2017\/08\/dsc_5039-2053511663-281x500.jpg 281w, https:\/\/www.untourdumonde.ch\/wp-content\/uploads\/2017\/08\/dsc_5039-2053511663-768x1365.jpg 768w, https:\/\/www.untourdumonde.ch\/wp-content\/uploads\/2017\/08\/dsc_5039-2053511663-1013x1800.jpg 1013w\" sizes=\"(max-width: 281px) 100vw, 281px\" \/><\/a><\/p>\n<p>Etienne retrouve avec joie son four \u00e0 raclette et c&rsquo;est parti! Raclette pour tout le monde! Notre comit\u00e9 d&rsquo;accueil avait tout organis\u00e9: fromage, vin, assiettes valaisannes, bi\u00e8res! Que du bonheur!<a href=\"https:\/\/www.untourdumonde.ch\/wp-content\/uploads\/2017\/08\/dsc_50471977468732.jpg\"><img decoding=\"async\" class=\"aligncenter size-medium wp-image-13678\" src=\"https:\/\/www.untourdumonde.ch\/wp-content\/uploads\/2017\/08\/dsc_50471977468732-281x500.jpg\" alt=\"\" width=\"281\" height=\"500\" srcset=\"https:\/\/www.untourdumonde.ch\/wp-content\/uploads\/2017\/08\/dsc_50471977468732-281x500.jpg 281w, https:\/\/www.untourdumonde.ch\/wp-content\/uploads\/2017\/08\/dsc_50471977468732-768x1365.jpg 768w, https:\/\/www.untourdumonde.ch\/wp-content\/uploads\/2017\/08\/dsc_50471977468732-1013x1800.jpg 1013w\" sizes=\"(max-width: 281px) 100vw, 281px\" \/><\/a><\/p>\n<p><a href=\"https:\/\/www.untourdumonde.ch\/wp-content\/uploads\/2017\/08\/DSC_1043.jpg\"><img decoding=\"async\" class=\"aligncenter size-medium wp-image-13659\" src=\"https:\/\/www.untourdumonde.ch\/wp-content\/uploads\/2017\/08\/DSC_1043-500x281.jpg\" alt=\"\" width=\"500\" height=\"281\" srcset=\"https:\/\/www.untourdumonde.ch\/wp-content\/uploads\/2017\/08\/DSC_1043-500x281.jpg 500w, https:\/\/www.untourdumonde.ch\/wp-content\/uploads\/2017\/08\/DSC_1043-768x432.jpg 768w, https:\/\/www.untourdumonde.ch\/wp-content\/uploads\/2017\/08\/DSC_1043-1800x1013.jpg 1800w, https:\/\/www.untourdumonde.ch\/wp-content\/uploads\/2017\/08\/DSC_1043.jpg 1980w\" sizes=\"(max-width: 500px) 100vw, 500px\" \/><\/a><\/p>\n<p>On se fait m\u00eame un petit v\u00e9suve pour f\u00eater \u00e7a!<a href=\"https:\/\/www.untourdumonde.ch\/wp-content\/uploads\/2017\/08\/dsc_50491583076763.jpg\"><img decoding=\"async\" class=\"aligncenter size-medium wp-image-13683\" src=\"https:\/\/www.untourdumonde.ch\/wp-content\/uploads\/2017\/08\/dsc_50491583076763-281x500.jpg\" alt=\"\" width=\"281\" height=\"500\" srcset=\"https:\/\/www.untourdumonde.ch\/wp-content\/uploads\/2017\/08\/dsc_50491583076763-281x500.jpg 281w, https:\/\/www.untourdumonde.ch\/wp-content\/uploads\/2017\/08\/dsc_50491583076763-768x1365.jpg 768w, https:\/\/www.untourdumonde.ch\/wp-content\/uploads\/2017\/08\/dsc_50491583076763-1013x1800.jpg 1013w\" sizes=\"(max-width: 281px) 100vw, 281px\" \/><\/a><\/p>\n<p><a href=\"https:\/\/www.untourdumonde.ch\/wp-content\/uploads\/2017\/08\/dsc_5045-456045316.jpg\"><img decoding=\"async\" class=\"aligncenter size-medium wp-image-13686\" src=\"https:\/\/www.untourdumonde.ch\/wp-content\/uploads\/2017\/08\/dsc_5045-456045316-281x500.jpg\" alt=\"\" width=\"281\" height=\"500\" srcset=\"https:\/\/www.untourdumonde.ch\/wp-content\/uploads\/2017\/08\/dsc_5045-456045316-281x500.jpg 281w, https:\/\/www.untourdumonde.ch\/wp-content\/uploads\/2017\/08\/dsc_5045-456045316-768x1365.jpg 768w, https:\/\/www.untourdumonde.ch\/wp-content\/uploads\/2017\/08\/dsc_5045-456045316-1013x1800.jpg 1013w\" sizes=\"(max-width: 281px) 100vw, 281px\" \/><\/a><\/p>\n<p>A minuit, apr\u00e8s les derni\u00e8res grosses accolades, tout le monde s&rsquo;en va et nous filons au lit. Dans NOS lits! Apr\u00e8s douze mois \u00c7a fait bizarre, mais qu&rsquo;est-ce que c&rsquo;est chouette!<\/p>\n<p>Nous nous levons \u00e0 midi, pour engouffrer un m\u00e9ga brunch de produits qui nous ont manqu\u00e9s: C\u00e9novis, Parfait, miel de chez nous, confiture maison! Miam! On se goinfre de tartines et on s&rsquo;amuse \u00e0 en faire des bigo\u00fbts (un c\u00f4t\u00e9 c\u00e9novis, un c\u00f4t\u00e9 parfait, ou un c\u00f4t\u00e9 miel, un c\u00f4t\u00e9 confiture). Comme c&rsquo;est bon!<a href=\"https:\/\/www.untourdumonde.ch\/wp-content\/uploads\/2017\/08\/DSC_1045.jpg\"><img decoding=\"async\" class=\"aligncenter size-medium wp-image-13660\" src=\"https:\/\/www.untourdumonde.ch\/wp-content\/uploads\/2017\/08\/DSC_1045-500x281.jpg\" alt=\"\" width=\"500\" height=\"281\" srcset=\"https:\/\/www.untourdumonde.ch\/wp-content\/uploads\/2017\/08\/DSC_1045-500x281.jpg 500w, https:\/\/www.untourdumonde.ch\/wp-content\/uploads\/2017\/08\/DSC_1045-768x432.jpg 768w, https:\/\/www.untourdumonde.ch\/wp-content\/uploads\/2017\/08\/DSC_1045-1800x1013.jpg 1800w, https:\/\/www.untourdumonde.ch\/wp-content\/uploads\/2017\/08\/DSC_1045.jpg 1980w\" sizes=\"(max-width: 500px) 100vw, 500px\" \/><\/a><\/p>\n<p>Nous voil\u00e0 donc de retour en Suisse, apr\u00e8s 358 jours de voyage autour du monde. Rassurez-vous, on est tr\u00e8s contents d&rsquo;\u00eatre rentr\u00e9s, m\u00eame si le piment quotidien du voyage va nous manquer d&rsquo;ici quelques temps, c&rsquo;est s\u00fbr. Mais nous appr\u00e9cions vraiment de pouvoir rencontrer \u00e0 nouveau les amis et la famille, et \u00e7a on l&rsquo;attendait tous depuis longtemps. !<\/p>\n<p>Mais \u00e7a ne sera pas encore la fin du blog, nous avons encore toute une s\u00e9rie de chose \u00e0 raconter&#8230; Les top, les flops, les r\u00e9caps, les rectificatifs \u00e0 ce que l&rsquo;on pensait, les posts philosophiques post-voyage, bref, on a encore quelques trucs \u00e0 raconter avant de raccrocher nos claviers.<\/p>\n","protected":false},"excerpt":{"rendered":"<p>Ce matin, on se r\u00e9veille tous tr\u00e8s excit\u00e9s, c&rsquo;est aujourd&rsquo;hui que nous prenons l&rsquo;avion pour la Suisse! Nous passons d&rsquo;abord \u00e0 l&rsquo;agence de location pour [&#8230;]<\/p>\n","protected":false},"author":1,"featured_media":13680,"comment_status":"open","ping_status":"open","sticky":false,"template":"","format":"standard","meta":{"jetpack_post_was_ever_published":false,"_jetpack_newsletter_access":"","jetpack_publicize_message":"","jetpack_is_tweetstorm":false,"jetpack_publicize_feature_enabled":true,"jetpack_social_post_already_shared":true,"jetpack_social_options":{"image_generator_settings":{"template":"highway","enabled":false}}},"categories":[90,154],"tags":[219,104,176,358,357],"jetpack_publicize_connections":[],"jetpack_featured_media_url":"https:\/\/www.untourdumonde.ch\/wp-content\/uploads\/2017\/08\/DSC_5019.jpg","_links":{"self":[{"href":"https:\/\/www.untourdumonde.ch\/index.php\/wp-json\/wp\/v2\/posts\/13682"}],"collection":[{"href":"https:\/\/www.untourdumonde.ch\/index.php\/wp-json\/wp\/v2\/posts"}],"about":[{"href":"https:\/\/www.untourdumonde.ch\/index.php\/wp-json\/wp\/v2\/types\/post"}],"author":[{"embeddable":true,"href":"https:\/\/www.untourdumonde.ch\/index.php\/wp-json\/wp\/v2\/users\/1"}],"replies":[{"embeddable":true,"href":"https:\/\/www.untourdumonde.ch\/index.php\/wp-json\/wp\/v2\/comments?post=13682"}],"version-history":[{"count":6,"href":"https:\/\/www.untourdumonde.ch\/index.php\/wp-json\/wp\/v2\/posts\/13682\/revisions"}],"predecessor-version":[{"id":13704,"href":"https:\/\/www.untourdumonde.ch\/index.php\/wp-json\/wp\/v2\/posts\/13682\/revisions\/13704"}],"wp:featuredmedia":[{"embeddable":true,"href":"https:\/\/www.untourdumonde.ch\/index.php\/wp-json\/wp\/v2\/media\/13680"}],"wp:attachment":[{"href":"https:\/\/www.untourdumonde.ch\/index.php\/wp-json\/wp\/v2\/media?parent=13682"}],"wp:term":[{"taxonomy":"category","embeddable":true,"href":"https:\/\/www.untourdumonde.ch\/index.php\/wp-json\/wp\/v2\/categories?post=13682"},{"taxonomy":"post_tag","embeddable":true,"href":"https:\/\/www.untourdumonde.ch\/index.php\/wp-json\/wp\/v2\/tags?post=13682"}],"curies":[{"name":"wp","href":"https:\/\/api.w.org\/{rel}","templated":true}]}}