{"id":5540,"date":"2016-10-03T05:58:12","date_gmt":"2016-10-03T03:58:12","guid":{"rendered":"https:\/\/www.untourdumonde.ch\/?p=5540"},"modified":"2016-10-02T22:25:00","modified_gmt":"2016-10-02T20:25:00","slug":"klein-pella","status":"publish","type":"post","link":"https:\/\/www.untourdumonde.ch\/index.php\/2016\/10\/03\/klein-pella\/","title":{"rendered":"Klein Pella"},"content":{"rendered":"<p>Ce sont Scott et Sarah, deux cyclotouristes qui ont fait l&rsquo;Afrique du nord au sud en trois ans (!!!) qui nous avaient conseill\u00e9 l&rsquo;endroit : sortir de la route goudronn\u00e9e que nous suivions, faire 25 kilom\u00e8tres de piste sablonneuse, et on y est : Klein Pella est une ferme qui produit des dattes, et qui les exporte dans le monde entier. Et \u00e0 c\u00f4t\u00e9 de cela, on y trouve un camping bien tenu, avec piscine, herbe, et toutes les facilit\u00e9s.<\/p>\n<p>Le chemin \u00e9tait bord\u00e9 d&rsquo;arbres \u00e0 carquois, typiques de la r\u00e9gion :<\/p>\n<p><a href=\"https:\/\/www.untourdumonde.ch\/wp-content\/uploads\/2016\/09\/Afrique-du-Sud-Large-3471-Copie.jpg\"><img decoding=\"async\" class=\"aligncenter wp-image-5056 size-medium\" src=\"https:\/\/www.untourdumonde.ch\/wp-content\/uploads\/2016\/09\/Afrique-du-Sud-Large-3471-Copie-300x200.jpg\" alt=\"afrique-du-sud-large-3471-copie\" width=\"300\" height=\"200\" srcset=\"https:\/\/www.untourdumonde.ch\/wp-content\/uploads\/2016\/09\/Afrique-du-Sud-Large-3471-Copie-300x200.jpg 300w, https:\/\/www.untourdumonde.ch\/wp-content\/uploads\/2016\/09\/Afrique-du-Sud-Large-3471-Copie-768x512.jpg 768w, https:\/\/www.untourdumonde.ch\/wp-content\/uploads\/2016\/09\/Afrique-du-Sud-Large-3471-Copie.jpg 1024w\" sizes=\"(max-width: 300px) 100vw, 300px\" \/><\/a><\/p>\n<p>Puis on voit quelques palmiers dattiers, juste pour la d\u00e9co, leur exploitation de plusieurs centaines de milliers d&rsquo;arbres est juste un peu plus loin<a href=\"https:\/\/www.untourdumonde.ch\/wp-content\/uploads\/2016\/09\/Afrique-du-Sud-Large-3477-Copie.jpg\"><img decoding=\"async\" class=\"aligncenter wp-image-5057 size-medium\" src=\"https:\/\/www.untourdumonde.ch\/wp-content\/uploads\/2016\/09\/Afrique-du-Sud-Large-3477-Copie-300x169.jpg\" alt=\"afrique-du-sud-large-3477-copie\" width=\"300\" height=\"169\" srcset=\"https:\/\/www.untourdumonde.ch\/wp-content\/uploads\/2016\/09\/Afrique-du-Sud-Large-3477-Copie-300x169.jpg 300w, https:\/\/www.untourdumonde.ch\/wp-content\/uploads\/2016\/09\/Afrique-du-Sud-Large-3477-Copie-768x432.jpg 768w, https:\/\/www.untourdumonde.ch\/wp-content\/uploads\/2016\/09\/Afrique-du-Sud-Large-3477-Copie.jpg 1024w\" sizes=\"(max-width: 300px) 100vw, 300px\" \/><\/a><\/p>\n<p>Petit tour \u00e0 la piscine, gel\u00e9e, sauf pour Louis, comme d&rsquo;hab<a href=\"https:\/\/www.untourdumonde.ch\/wp-content\/uploads\/2016\/09\/Afrique-du-Sud-Large-3484-Copie.jpg\"><img decoding=\"async\" class=\"aligncenter wp-image-5058 size-medium\" src=\"https:\/\/www.untourdumonde.ch\/wp-content\/uploads\/2016\/09\/Afrique-du-Sud-Large-3484-Copie-300x169.jpg\" alt=\"afrique-du-sud-large-3484-copie\" width=\"300\" height=\"169\" srcset=\"https:\/\/www.untourdumonde.ch\/wp-content\/uploads\/2016\/09\/Afrique-du-Sud-Large-3484-Copie-300x169.jpg 300w, https:\/\/www.untourdumonde.ch\/wp-content\/uploads\/2016\/09\/Afrique-du-Sud-Large-3484-Copie-768x432.jpg 768w, https:\/\/www.untourdumonde.ch\/wp-content\/uploads\/2016\/09\/Afrique-du-Sud-Large-3484-Copie.jpg 1024w\" sizes=\"(max-width: 300px) 100vw, 300px\" \/><\/a>Arno a \u00e9t\u00e9 le chef du feu, comme presque toujours<\/p>\n<p><a href=\"https:\/\/www.untourdumonde.ch\/wp-content\/uploads\/2016\/09\/Afrique-du-Sud-Large-3507-Copie.jpg\"><img decoding=\"async\" class=\"aligncenter wp-image-5063 size-medium\" src=\"https:\/\/www.untourdumonde.ch\/wp-content\/uploads\/2016\/09\/Afrique-du-Sud-Large-3507-Copie-300x200.jpg\" alt=\"afrique-du-sud-large-3507-copie\" width=\"300\" height=\"200\" srcset=\"https:\/\/www.untourdumonde.ch\/wp-content\/uploads\/2016\/09\/Afrique-du-Sud-Large-3507-Copie-300x200.jpg 300w, https:\/\/www.untourdumonde.ch\/wp-content\/uploads\/2016\/09\/Afrique-du-Sud-Large-3507-Copie-768x512.jpg 768w, https:\/\/www.untourdumonde.ch\/wp-content\/uploads\/2016\/09\/Afrique-du-Sud-Large-3507-Copie.jpg 1024w\" sizes=\"(max-width: 300px) 100vw, 300px\" \/><\/a><\/p>\n<p>Etienne au BBQ&#8230;\u00a0<a href=\"https:\/\/www.untourdumonde.ch\/wp-content\/uploads\/2016\/09\/Afrique-du-Sud-Large-3506-Copie.jpg\"><img decoding=\"async\" class=\"aligncenter wp-image-5062 size-medium\" src=\"https:\/\/www.untourdumonde.ch\/wp-content\/uploads\/2016\/09\/Afrique-du-Sud-Large-3506-Copie-300x200.jpg\" alt=\"afrique-du-sud-large-3506-copie\" width=\"300\" height=\"200\" srcset=\"https:\/\/www.untourdumonde.ch\/wp-content\/uploads\/2016\/09\/Afrique-du-Sud-Large-3506-Copie-300x200.jpg 300w, https:\/\/www.untourdumonde.ch\/wp-content\/uploads\/2016\/09\/Afrique-du-Sud-Large-3506-Copie-768x512.jpg 768w, https:\/\/www.untourdumonde.ch\/wp-content\/uploads\/2016\/09\/Afrique-du-Sud-Large-3506-Copie.jpg 1024w\" sizes=\"(max-width: 300px) 100vw, 300px\" \/><\/a>Le tout devant un paysage \u00e0 couper le souffle :<\/p>\n<p><a href=\"https:\/\/www.untourdumonde.ch\/wp-content\/uploads\/2016\/09\/Afrique-du-Sud-Large-3491-Copie.jpg\"><img decoding=\"async\" class=\"aligncenter wp-image-5059 size-medium\" src=\"https:\/\/www.untourdumonde.ch\/wp-content\/uploads\/2016\/09\/Afrique-du-Sud-Large-3491-Copie-300x225.jpg\" alt=\"afrique-du-sud-large-3491-copie\" width=\"300\" height=\"225\" srcset=\"https:\/\/www.untourdumonde.ch\/wp-content\/uploads\/2016\/09\/Afrique-du-Sud-Large-3491-Copie-300x225.jpg 300w, https:\/\/www.untourdumonde.ch\/wp-content\/uploads\/2016\/09\/Afrique-du-Sud-Large-3491-Copie-768x576.jpg 768w, https:\/\/www.untourdumonde.ch\/wp-content\/uploads\/2016\/09\/Afrique-du-Sud-Large-3491-Copie.jpg 1024w\" sizes=\"(max-width: 300px) 100vw, 300px\" \/><\/a><\/p>\n<p><a href=\"https:\/\/www.untourdumonde.ch\/wp-content\/uploads\/2016\/09\/Afrique-du-Sud-Large-3496-Copie.jpg\"><img decoding=\"async\" class=\"aligncenter wp-image-5060 size-medium\" src=\"https:\/\/www.untourdumonde.ch\/wp-content\/uploads\/2016\/09\/Afrique-du-Sud-Large-3496-Copie-300x169.jpg\" alt=\"afrique-du-sud-large-3496-copie\" width=\"300\" height=\"169\" srcset=\"https:\/\/www.untourdumonde.ch\/wp-content\/uploads\/2016\/09\/Afrique-du-Sud-Large-3496-Copie-300x169.jpg 300w, https:\/\/www.untourdumonde.ch\/wp-content\/uploads\/2016\/09\/Afrique-du-Sud-Large-3496-Copie-768x432.jpg 768w, https:\/\/www.untourdumonde.ch\/wp-content\/uploads\/2016\/09\/Afrique-du-Sud-Large-3496-Copie.jpg 1024w\" sizes=\"(max-width: 300px) 100vw, 300px\" \/><\/a><\/p>\n<p><a href=\"https:\/\/www.untourdumonde.ch\/wp-content\/uploads\/2016\/09\/Afrique-du-Sud-Large-3501-Copie.jpg\"><img decoding=\"async\" class=\"aligncenter wp-image-5061 size-medium\" src=\"https:\/\/www.untourdumonde.ch\/wp-content\/uploads\/2016\/09\/Afrique-du-Sud-Large-3501-Copie-300x200.jpg\" alt=\"afrique-du-sud-large-3501-copie\" width=\"300\" height=\"200\" srcset=\"https:\/\/www.untourdumonde.ch\/wp-content\/uploads\/2016\/09\/Afrique-du-Sud-Large-3501-Copie-300x200.jpg 300w, https:\/\/www.untourdumonde.ch\/wp-content\/uploads\/2016\/09\/Afrique-du-Sud-Large-3501-Copie-768x512.jpg 768w, https:\/\/www.untourdumonde.ch\/wp-content\/uploads\/2016\/09\/Afrique-du-Sud-Large-3501-Copie.jpg 1024w\" sizes=\"(max-width: 300px) 100vw, 300px\" \/><\/a>Le lever de soleil le lendemain matin \u00e9tait superbe aussi, vue depuis la tente :<\/p>\n<p><a href=\"https:\/\/www.untourdumonde.ch\/wp-content\/uploads\/2016\/09\/Afrique-du-Sud-Large-3511-Copie.jpg\"><img decoding=\"async\" class=\"aligncenter wp-image-5064 size-medium\" src=\"https:\/\/www.untourdumonde.ch\/wp-content\/uploads\/2016\/09\/Afrique-du-Sud-Large-3511-Copie-300x169.jpg\" alt=\"afrique-du-sud-large-3511-copie\" width=\"300\" height=\"169\" srcset=\"https:\/\/www.untourdumonde.ch\/wp-content\/uploads\/2016\/09\/Afrique-du-Sud-Large-3511-Copie-300x169.jpg 300w, https:\/\/www.untourdumonde.ch\/wp-content\/uploads\/2016\/09\/Afrique-du-Sud-Large-3511-Copie-768x432.jpg 768w, https:\/\/www.untourdumonde.ch\/wp-content\/uploads\/2016\/09\/Afrique-du-Sud-Large-3511-Copie.jpg 1024w\" sizes=\"(max-width: 300px) 100vw, 300px\" \/><\/a><\/p>\n<p>Et cerise sur le g\u00e2teau, on a eu le meilleur petit d\u00e9jeuner du voyage : machine \u00e0 expresso (tr\u00e8s rare&#8230;) en self-service (7 pour Etienne&#8230;), confitures, beurre<\/p>\n<p>[s, etc etc etc&#8230; on s&rsquo;est r\u00e9gal\u00e9 !\u00a0<a href=\"https:\/\/www.untourdumonde.ch\/wp-content\/uploads\/2016\/09\/Afrique-du-Sud-Large-3523-Copie.jpg\"><img decoding=\"async\" class=\"aligncenter size-medium wp-image-5065\" src=\"https:\/\/www.untourdumonde.ch\/wp-content\/uploads\/2016\/09\/Afrique-du-Sud-Large-3523-Copie-300x169.jpg\" alt=\"afrique-du-sud-large-3523-copie\" width=\"300\" height=\"169\" srcset=\"https:\/\/www.untourdumonde.ch\/wp-content\/uploads\/2016\/09\/Afrique-du-Sud-Large-3523-Copie-300x169.jpg 300w, https:\/\/www.untourdumonde.ch\/wp-content\/uploads\/2016\/09\/Afrique-du-Sud-Large-3523-Copie-768x432.jpg 768w, https:\/\/www.untourdumonde.ch\/wp-content\/uploads\/2016\/09\/Afrique-du-Sud-Large-3523-Copie.jpg 1024w\" sizes=\"(max-width: 300px) 100vw, 300px\" \/><\/a><\/p>\n<p>&nbsp;<\/p>\n<p>&nbsp;<\/p>\n<p>&nbsp;<\/p>\n","protected":false},"excerpt":{"rendered":"<p>Ce sont Scott et Sarah, deux cyclotouristes qui ont fait l&rsquo;Afrique du nord au sud en trois ans (!!!) qui nous avaient conseill\u00e9 l&rsquo;endroit : [&#8230;]<\/p>\n","protected":false},"author":1,"featured_media":5064,"comment_status":"open","ping_status":"open","sticky":false,"template":"","format":"standard","meta":{"jetpack_post_was_ever_published":false,"_jetpack_newsletter_access":"","jetpack_publicize_message":"","jetpack_is_tweetstorm":false,"jetpack_publicize_feature_enabled":true,"jetpack_social_post_already_shared":true,"jetpack_social_options":{"image_generator_settings":{"template":"highway","enabled":false}}},"categories":[96],"tags":[],"jetpack_publicize_connections":[],"jetpack_featured_media_url":"https:\/\/www.untourdumonde.ch\/wp-content\/uploads\/2016\/09\/Afrique-du-Sud-Large-3511-Copie.jpg","_links":{"self":[{"href":"https:\/\/www.untourdumonde.ch\/index.php\/wp-json\/wp\/v2\/posts\/5540"}],"collection":[{"href":"https:\/\/www.untourdumonde.ch\/index.php\/wp-json\/wp\/v2\/posts"}],"about":[{"href":"https:\/\/www.untourdumonde.ch\/index.php\/wp-json\/wp\/v2\/types\/post"}],"author":[{"embeddable":true,"href":"https:\/\/www.untourdumonde.ch\/index.php\/wp-json\/wp\/v2\/users\/1"}],"replies":[{"embeddable":true,"href":"https:\/\/www.untourdumonde.ch\/index.php\/wp-json\/wp\/v2\/comments?post=5540"}],"version-history":[{"count":3,"href":"https:\/\/www.untourdumonde.ch\/index.php\/wp-json\/wp\/v2\/posts\/5540\/revisions"}],"predecessor-version":[{"id":5543,"href":"https:\/\/www.untourdumonde.ch\/index.php\/wp-json\/wp\/v2\/posts\/5540\/revisions\/5543"}],"wp:featuredmedia":[{"embeddable":true,"href":"https:\/\/www.untourdumonde.ch\/index.php\/wp-json\/wp\/v2\/media\/5064"}],"wp:attachment":[{"href":"https:\/\/www.untourdumonde.ch\/index.php\/wp-json\/wp\/v2\/media?parent=5540"}],"wp:term":[{"taxonomy":"category","embeddable":true,"href":"https:\/\/www.untourdumonde.ch\/index.php\/wp-json\/wp\/v2\/categories?post=5540"},{"taxonomy":"post_tag","embeddable":true,"href":"https:\/\/www.untourdumonde.ch\/index.php\/wp-json\/wp\/v2\/tags?post=5540"}],"curies":[{"name":"wp","href":"https:\/\/api.w.org\/{rel}","templated":true}]}}